{"id":16673,"date":"2024-05-22T14:37:00","date_gmt":"2024-05-22T14:37:00","guid":{"rendered":"https:\/\/livunltd.com\/?p=16673"},"modified":"2024-09-05T15:57:38","modified_gmt":"2024-09-05T15:57:38","slug":"our-teams-take-on-global-wellness-day","status":"publish","type":"post","link":"https:\/\/livunltd.com\/fr\/our-teams-take-on-global-wellness-day\/","title":{"rendered":"Le point de vue de notre \u00e9quipe sur la Journ\u00e9e mondiale du bien-\u00eatre"},"content":{"rendered":"<p>Le 8 juin, des millions de personnes \u00e0 travers la plan\u00e8te se r\u00e9uniront, comme elles le font depuis 2012, pour s'engager activement dans une pratique de bien-\u00eatre qui inspire la conviction que\u00a0<em><strong><a href=\"https:\/\/www.globalwellnessday.org\/\">un jour peut changer toute votre vie<\/a><\/strong>.\u00a0<\/em>Le th\u00e8me de cette ann\u00e9e est Magenta Nature, et nous esp\u00e9rons vous inspirer des id\u00e9es pour participer en partageant certaines des fa\u00e7ons dont les membres de notre \u00e9quipe s'engagent dans la Journ\u00e9e mondiale du bien-\u00eatre 2024.<\/p>\n\n\n\n<div style=\"height:11px\" aria-hidden=\"true\" class=\"wp-block-spacer\"><\/div>\n\n\n\n<div class=\"wp-block-group\"><div class=\"wp-block-group__inner-container is-layout-constrained wp-block-group-is-layout-constrained\">\n<figure class=\"wp-block-image size-large\"><img loading=\"lazy\" decoding=\"async\" width=\"1024\" height=\"604\" src=\"https:\/\/livunltd.com\/wp-content\/uploads\/2024\/05\/Screenshot-2024-05-23-at-11.27.25-AM-1024x604.png\" alt=\"\" class=\"wp-image-16693\" srcset=\"https:\/\/livunltd.com\/wp-content\/uploads\/2024\/05\/Screenshot-2024-05-23-at-11.27.25-AM-1024x604.png 1024w, https:\/\/livunltd.com\/wp-content\/uploads\/2024\/05\/Screenshot-2024-05-23-at-11.27.25-AM-300x177.png 300w, https:\/\/livunltd.com\/wp-content\/uploads\/2024\/05\/Screenshot-2024-05-23-at-11.27.25-AM-768x453.png 768w, https:\/\/livunltd.com\/wp-content\/uploads\/2024\/05\/Screenshot-2024-05-23-at-11.27.25-AM-1536x906.png 1536w, https:\/\/livunltd.com\/wp-content\/uploads\/2024\/05\/Screenshot-2024-05-23-at-11.27.25-AM.png 1994w\" sizes=\"auto, (max-width: 1024px) 100vw, 1024px\" \/><\/figure>\n<\/div><\/div>\n\n\n\n<div style=\"height:17px\" aria-hidden=\"true\" class=\"wp-block-spacer\"><\/div>\n\n\n\n<h2 class=\"wp-block-heading\">Justin Orders<\/h2>\n\n\n\n<h6 class=\"wp-block-heading\">Moniteur de fitness + entra\u00eeneur, Huntersville, NC<\/h6>\n\n\n\n<div class=\"wp-block-group\"><div class=\"wp-block-group__inner-container is-layout-constrained wp-block-group-is-layout-constrained\">\n<div class=\"wp-block-group\"><div class=\"wp-block-group__inner-container is-layout-constrained wp-block-group-is-layout-constrained\">\n<h4 class=\"wp-block-heading\"><em>Quelle est votre activit\u00e9 pr\u00e9f\u00e9r\u00e9e dans la nature et pourquoi ?<\/em><\/h4>\n<\/div><\/div>\n\n\n\n<div class=\"wp-block-group\"><div class=\"wp-block-group__inner-container is-layout-constrained wp-block-group-is-layout-constrained\">\n<p>L'apiculture ! Je suis apicultrice \u00e0 plein temps et professeur de yoga. J'ai toujours \u00e9t\u00e9 fascin\u00e9e par les insectes et gr\u00e2ce \u00e0 l'apiculture, je peux jeter un coup d'\u0153il sur le fonctionnement de l'un des sujets les plus fascinants de la nature, l'abeille domestique !<\/p>\n<\/div><\/div>\n\n\n\n<div style=\"height:11px\" aria-hidden=\"true\" class=\"wp-block-spacer\"><\/div>\n<\/div><\/div>\n\n\n\n<div class=\"wp-block-group\"><div class=\"wp-block-group__inner-container is-layout-constrained wp-block-group-is-layout-constrained\">\n<div class=\"wp-block-group\"><div class=\"wp-block-group__inner-container is-layout-constrained wp-block-group-is-layout-constrained\">\n<h4 class=\"wp-block-heading\"><em>Comment le fait d'\u00eatre dans la nature affecte-t-il votre sentiment g\u00e9n\u00e9ral de bien-\u00eatre ?<\/em><\/h4>\n<\/div><\/div>\n\n\n\n<div class=\"wp-block-group\"><div class=\"wp-block-group__inner-container is-layout-constrained wp-block-group-is-layout-constrained\">\n<p>Les abeilles inspirent constamment la fa\u00e7on dont je me pr\u00e9sente dans le monde et dont je traite les autres. Je pourrais continuer pendant des jours \u00e0 parler de ce qu'elles m'apprennent sur moi-m\u00eame et sur toute la vie sur terre.&nbsp;<\/p>\n\n\n\n<p>Par exemple, ils m'apprennent \u00e0 me d\u00e9tendre et \u00e0 ralentir ma respiration lorsque je suis stress\u00e9, comme dans la m\u00e9ditation ou le yoga. Il y a quelques semaines, j'essayais d'attraper un essaim en tenant une bo\u00eete \u00e0 ruches pour qu'elles s'y engouffrent plut\u00f4t que de monter dans un arbre o\u00f9 je ne pourrais pas les attraper. Au d\u00e9but, j'\u00e9tais stress\u00e9e, je respirais rapidement et mon esprit \u00e9num\u00e9rait toutes sortes de possibilit\u00e9s. Je ne voulais pas perdre ces abeilles !<\/p>\n\n\n\n<p>Au lieu de continuer ainsi, j'ai fait ce que le yoga m'apprend \u00e0 faire et j'ai commenc\u00e9 \u00e0 ralentir ma respiration et \u00e0 porter mon attention sur le moment pr\u00e9sent gr\u00e2ce \u00e0 une respiration attentive. Presque \u00e0 la seconde o\u00f9 j'ai commenc\u00e9 \u00e0 le faire, les abeilles ont cess\u00e9 de voler dans toutes les directions et se sont dirig\u00e9es vers moi, alors que je tenais leur nouvelle maison ! Finalement, toutes les abeilles se sont dirig\u00e9es vers cette bo\u00eete et j'ai pu les garder dans mon jardin d'abeilles.<\/p>\n\n\n\n<p>Cela me rappelle que les r\u00e9sultats que je peux d\u00e9sirer dans une situation donn\u00e9e ne sont pas voulus et que mes inqui\u00e9tudes ne me servent g\u00e9n\u00e9ralement pas \u00e0 grand-chose. Je devrais plut\u00f4t essayer d'\u00eatre pr\u00e9sent \u00e0 tout ce qui se passe \u00e0 chaque instant ! L'exp\u00e9rience d'\u00eatre au milieu d'un essaim valait bien la peine que je m'y attarde plut\u00f4t que de penser \u00e0 ce qui pourrait arriver.<\/p>\n<\/div><\/div>\n\n\n\n<div style=\"height:11px\" aria-hidden=\"true\" class=\"wp-block-spacer\"><\/div>\n<\/div><\/div>\n\n\n\n<div class=\"wp-block-group\"><div class=\"wp-block-group__inner-container is-layout-constrained wp-block-group-is-layout-constrained\">\n<div class=\"wp-block-group\"><div class=\"wp-block-group__inner-container is-layout-constrained wp-block-group-is-layout-constrained\">\n<h4 class=\"wp-block-heading\"><em>Quelle est l'importance de la nature dans votre vie ?<\/em><\/h4>\n<\/div><\/div>\n\n\n\n<div class=\"wp-block-group\"><div class=\"wp-block-group__inner-container is-layout-constrained wp-block-group-is-layout-constrained\">\n<p>Chaque fois que je suis dans la nature, que ce soit pour travailler dans mes ruches ou pour faire une randonn\u00e9e, j'\u00e9prouve un sentiment de bien-\u00eatre que je ne ressens nulle part ailleurs. Je pense que cela vient du fait que nous sommes tous li\u00e9s et qu'en voyant la nature dans sa forme la plus pure, je l'appr\u00e9cie de plus en plus.<\/p>\n\n\n\n<p>Lorsque j'observe les abeilles en particulier, je vois qu'elles travaillent toutes ensemble vers un objectif commun pour s'entraider et renforcer leurs chances de survie. Les abeilles ne se consid\u00e8rent pas comme des individus, mais plut\u00f4t comme un super organisme o\u00f9 elles travaillent toutes \u00e0 l'unisson pour atteindre un objectif plus grand ! Cela me rappelle aussi que nous devons tous voir comment nous pouvons nous connecter aux autres plut\u00f4t que de rester isol\u00e9s, surtout \u00e0 notre \u00e9poque.<\/p>\n\n\n\n<div style=\"height:17px\" aria-hidden=\"true\" class=\"wp-block-spacer\"><\/div>\n<\/div><\/div>\n<\/div><\/div>\n\n\n\n<figure class=\"wp-block-image size-large\"><img loading=\"lazy\" decoding=\"async\" width=\"1024\" height=\"479\" src=\"https:\/\/livunltd.com\/wp-content\/uploads\/2024\/05\/Screenshot-2024-05-16-at-2.06.06-PM-1-1024x479.png\" alt=\"\" class=\"wp-image-16676\" srcset=\"https:\/\/livunltd.com\/wp-content\/uploads\/2024\/05\/Screenshot-2024-05-16-at-2.06.06-PM-1-1024x479.png 1024w, https:\/\/livunltd.com\/wp-content\/uploads\/2024\/05\/Screenshot-2024-05-16-at-2.06.06-PM-1-300x140.png 300w, https:\/\/livunltd.com\/wp-content\/uploads\/2024\/05\/Screenshot-2024-05-16-at-2.06.06-PM-1-768x359.png 768w, https:\/\/livunltd.com\/wp-content\/uploads\/2024\/05\/Screenshot-2024-05-16-at-2.06.06-PM-1-1536x719.png 1536w, https:\/\/livunltd.com\/wp-content\/uploads\/2024\/05\/Screenshot-2024-05-16-at-2.06.06-PM-1.png 1992w\" sizes=\"auto, (max-width: 1024px) 100vw, 1024px\" \/><\/figure>\n\n\n\n<div style=\"height:17px\" aria-hidden=\"true\" class=\"wp-block-spacer\"><\/div>\n\n\n\n<h2 class=\"wp-block-heading\">Justin Ross <\/h2>\n\n\n\n<h6 class=\"wp-block-heading\">Gestionnaire de l'exp\u00e9rience, Brooklyn, NY<\/h6>\n\n\n\n<div style=\"height:0px\" aria-hidden=\"true\" class=\"wp-block-spacer\"><\/div>\n\n\n\n<h4 class=\"wp-block-heading\"><em>Quelle est votre activit\u00e9 pr\u00e9f\u00e9r\u00e9e dans la nature et pourquoi ?<\/em><\/h4>\n\n\n\n<p>Mon activit\u00e9 pr\u00e9f\u00e9r\u00e9e dans la nature est l'escalade.  Elle combine \u00e0 la fois mon amour pour la forme physique et la contemplation de magnifiques paysages en hauteur.  Je trouve incroyablement fascinant que l'on puisse litt\u00e9ralement escalader des rochers, parfois avec une simple paire de chaussons d'escalade.<\/p>\n\n\n\n<div style=\"height:11px\" aria-hidden=\"true\" class=\"wp-block-spacer\"><\/div>\n\n\n\n<h4 class=\"wp-block-heading\"><em>Comment le fait d'\u00eatre dans la nature affecte-t-il votre sentiment g\u00e9n\u00e9ral de bien-\u00eatre ?<\/em><\/h4>\n\n\n\n<p>Je suis originaire de Sioux Falls, dans le Dakota du Sud, et la nature est donc pour moi une seconde nature.  J'ai grandi \u00e0 l'ext\u00e9rieur et j'\u00e9prouve le besoin de prendre un bain de nature si je m'\u00e9loigne trop longtemps des grands espaces.  En ville, on peut avoir l'impression de vivre dans une jungle de b\u00e9ton, mais il y a beaucoup d'espaces magnifiques qui permettent de passer du temps avec M\u00e8re Nature.  Lorsque je ne m'accorde pas suffisamment de temps dans la nature, je m'\u00e9nerve et j'ai tendance \u00e0 aller de l'avant au lieu de prendre le temps de ralentir.  La nature m'aide naturellement \u00e0 me d\u00e9tendre et \u00e0 me recentrer sur ce qui est r\u00e9ellement important.&nbsp;<\/p>\n\n\n\n<div style=\"height:11px\" aria-hidden=\"true\" class=\"wp-block-spacer\"><\/div>\n\n\n\n<h4 class=\"wp-block-heading\"><em>Quelle est l'importance de la nature dans votre vie ?<\/em><\/h4>\n\n\n\n<p>&nbsp;Pour moi, \u00eatre dans la nature est le seul moyen de me d\u00e9brancher compl\u00e8tement et de ralentir. Il est extr\u00eamement important pour moi de pouvoir me d\u00e9connecter de l'agitation de la vie et de profiter de la beaut\u00e9 de la nature.<\/p>\n\n\n\n<div style=\"height:17px\" aria-hidden=\"true\" class=\"wp-block-spacer\"><\/div>\n\n\n\n<div class=\"wp-block-group\"><div class=\"wp-block-group__inner-container is-layout-constrained wp-block-group-is-layout-constrained\">\n<figure class=\"wp-block-image size-large\"><img loading=\"lazy\" decoding=\"async\" width=\"1024\" height=\"501\" src=\"https:\/\/livunltd.com\/wp-content\/uploads\/2024\/05\/Screenshot-2024-05-16-at-2.09.21-PM-1024x501.png\" alt=\"\" class=\"wp-image-16677\" srcset=\"https:\/\/livunltd.com\/wp-content\/uploads\/2024\/05\/Screenshot-2024-05-16-at-2.09.21-PM-1024x501.png 1024w, https:\/\/livunltd.com\/wp-content\/uploads\/2024\/05\/Screenshot-2024-05-16-at-2.09.21-PM-300x147.png 300w, https:\/\/livunltd.com\/wp-content\/uploads\/2024\/05\/Screenshot-2024-05-16-at-2.09.21-PM-768x376.png 768w, https:\/\/livunltd.com\/wp-content\/uploads\/2024\/05\/Screenshot-2024-05-16-at-2.09.21-PM-1536x752.png 1536w, https:\/\/livunltd.com\/wp-content\/uploads\/2024\/05\/Screenshot-2024-05-16-at-2.09.21-PM.png 1990w\" sizes=\"auto, (max-width: 1024px) 100vw, 1024px\" \/><\/figure>\n<\/div><\/div>\n\n\n\n<div style=\"height:17px\" aria-hidden=\"true\" class=\"wp-block-spacer\"><\/div>\n\n\n\n<h2 class=\"wp-block-heading\">Dan Huebner <\/h2>\n\n\n\n<h6 class=\"wp-block-heading\">Responsable des ventes d'\u00e9quipements de remise en forme, Rockville, MD<\/h6>\n\n\n\n<div class=\"wp-block-group\"><div class=\"wp-block-group__inner-container is-layout-constrained wp-block-group-is-layout-constrained\">\n<div class=\"wp-block-group\"><div class=\"wp-block-group__inner-container is-layout-constrained wp-block-group-is-layout-constrained\">\n<h4 class=\"wp-block-heading\"><em>Quelle est votre activit\u00e9 pr\u00e9f\u00e9r\u00e9e dans la nature et pourquoi ?<\/em><\/h4>\n<\/div><\/div>\n\n\n\n<div class=\"wp-block-group\"><div class=\"wp-block-group__inner-container is-layout-constrained wp-block-group-is-layout-constrained\">\n<p>Mon activit\u00e9 de plein air pr\u00e9f\u00e9r\u00e9e est le cano\u00eb. Ce qui rend le cano\u00eb si sp\u00e9cial, c'est que j'ai toujours l'impression de faire un bond en arri\u00e8re dans le temps, \u00e0 une \u00e9poque o\u00f9 la nature \u00e9tait florissante et en \u00e9quilibre presque parfait. Chaque soir, sur la rivi\u00e8re locale, la Monocacy, je peux voir des aigles, des h\u00e9rons, des balbuzards, des dindes sauvages, des martins-p\u00eacheurs, des castors, des rats musqu\u00e9s, des belettes, des renards, des cerfs et bien d'autres choses encore. Des sycomores g\u00e9ants bordent les berges. D'\u00e9normes emb\u00e2cles apparaissent en une nuit apr\u00e8s les crues, montrant l'immense puissance de cette rivi\u00e8re normalement douce.<\/p>\n<\/div><\/div>\n\n\n\n<div style=\"height:11px\" aria-hidden=\"true\" class=\"wp-block-spacer\"><\/div>\n<\/div><\/div>\n\n\n\n<div class=\"wp-block-group\"><div class=\"wp-block-group__inner-container is-layout-constrained wp-block-group-is-layout-constrained\">\n<div class=\"wp-block-group\"><div class=\"wp-block-group__inner-container is-layout-constrained wp-block-group-is-layout-constrained\">\n<h4 class=\"wp-block-heading\"><em>Comment le fait d'\u00eatre dans la nature affecte-t-il votre sentiment g\u00e9n\u00e9ral de bien-\u00eatre ?<\/em><\/h4>\n<\/div><\/div>\n\n\n\n<div class=\"wp-block-group\"><div class=\"wp-block-group__inner-container is-layout-constrained wp-block-group-is-layout-constrained\">\n<p>Sortir dans la nature en cano\u00eb, en VTT ou en randonn\u00e9e me permet de me ressourcer. En outre, c'est un excellent exercice.&nbsp;<\/p>\n<\/div><\/div>\n\n\n\n<div style=\"height:11px\" aria-hidden=\"true\" class=\"wp-block-spacer\"><\/div>\n<\/div><\/div>\n\n\n\n<div class=\"wp-block-group\"><div class=\"wp-block-group__inner-container is-layout-constrained wp-block-group-is-layout-constrained\">\n<div class=\"wp-block-group\"><div class=\"wp-block-group__inner-container is-layout-constrained wp-block-group-is-layout-constrained\">\n<h4 class=\"wp-block-heading\"><em>Quelle est l'importance de la nature dans votre vie ?<\/em><\/h4>\n<\/div><\/div>\n\n\n\n<div class=\"wp-block-group\"><div class=\"wp-block-group__inner-container is-layout-constrained wp-block-group-is-layout-constrained\">\n<p>J'ai choisi l'endroit o\u00f9 je vis en fonction de l'acc\u00e8s aux rivi\u00e8res et aux montagnes.&nbsp;<\/p>\n<\/div><\/div>\n<\/div><\/div>\n\n\n\n<div style=\"height:17px\" aria-hidden=\"true\" class=\"wp-block-spacer\"><\/div>\n\n\n\n<div class=\"wp-block-group\"><div class=\"wp-block-group__inner-container is-layout-constrained wp-block-group-is-layout-constrained\">\n<figure class=\"wp-block-image size-large\"><img loading=\"lazy\" decoding=\"async\" width=\"1024\" height=\"535\" src=\"https:\/\/livunltd.com\/wp-content\/uploads\/2024\/05\/Screenshot-2024-05-16-at-2.16.29-PM-1024x535.png\" alt=\"\" class=\"wp-image-16678\" srcset=\"https:\/\/livunltd.com\/wp-content\/uploads\/2024\/05\/Screenshot-2024-05-16-at-2.16.29-PM-1024x535.png 1024w, https:\/\/livunltd.com\/wp-content\/uploads\/2024\/05\/Screenshot-2024-05-16-at-2.16.29-PM-300x157.png 300w, https:\/\/livunltd.com\/wp-content\/uploads\/2024\/05\/Screenshot-2024-05-16-at-2.16.29-PM-768x401.png 768w, https:\/\/livunltd.com\/wp-content\/uploads\/2024\/05\/Screenshot-2024-05-16-at-2.16.29-PM.png 1498w\" sizes=\"auto, (max-width: 1024px) 100vw, 1024px\" \/><\/figure>\n<\/div><\/div>\n\n\n\n<div style=\"height:17px\" aria-hidden=\"true\" class=\"wp-block-spacer\"><\/div>\n\n\n\n<h2 class=\"wp-block-heading\">Shanna<strong> <\/strong>Huston <\/h2>\n\n\n\n<h6 class=\"wp-block-heading\">Responsable du style de vie, New York, NY<\/h6>\n\n\n\n<div class=\"wp-block-group\"><div class=\"wp-block-group__inner-container is-layout-constrained wp-block-group-is-layout-constrained\">\n<div class=\"wp-block-group\"><div class=\"wp-block-group__inner-container is-layout-constrained wp-block-group-is-layout-constrained\">\n<h4 class=\"wp-block-heading\"><em>Quelle est votre activit\u00e9 pr\u00e9f\u00e9r\u00e9e dans la nature et pourquoi ?<\/em><\/h4>\n<\/div><\/div>\n\n\n\n<div class=\"wp-block-group\"><div class=\"wp-block-group__inner-container is-layout-constrained wp-block-group-is-layout-constrained\">\n<p>Courir et promener le chien tous les jours est pour moi une v\u00e9ritable th\u00e9rapie. Cela me permet d'\u00e9vacuer tout le stress que je peux ressentir et c'est tout simplement tr\u00e8s apaisant.<\/p>\n<\/div><\/div>\n\n\n\n<div style=\"height:11px\" aria-hidden=\"true\" class=\"wp-block-spacer\"><\/div>\n<\/div><\/div>\n\n\n\n<div class=\"wp-block-group\"><div class=\"wp-block-group__inner-container is-layout-constrained wp-block-group-is-layout-constrained\">\n<div class=\"wp-block-group\"><div class=\"wp-block-group__inner-container is-layout-constrained wp-block-group-is-layout-constrained\">\n<h4 class=\"wp-block-heading\"><em>Comment le fait d'\u00eatre dans la nature affecte-t-il votre sentiment g\u00e9n\u00e9ral de bien-\u00eatre ?<\/em><\/h4>\n<\/div><\/div>\n\n\n\n<div class=\"wp-block-group\"><div class=\"wp-block-group__inner-container is-layout-constrained wp-block-group-is-layout-constrained\">\n<p>Je me sens plus centr\u00e9 et plus calme. Je cours avec des amis et nous r\u00e9solvons tous les probl\u00e8mes que l'un d'entre nous peut rencontrer pendant que nous courons et transpirons. Mon c\u0153ur est fort, mon esprit est vif et j'attribue cela au fait d'\u00eatre dans la nature.<\/p>\n<\/div><\/div>\n\n\n\n<div style=\"height:11px\" aria-hidden=\"true\" class=\"wp-block-spacer\"><\/div>\n<\/div><\/div>\n\n\n\n<div class=\"wp-block-group\"><div class=\"wp-block-group__inner-container is-layout-constrained wp-block-group-is-layout-constrained\">\n<div class=\"wp-block-group\"><div class=\"wp-block-group__inner-container is-layout-constrained wp-block-group-is-layout-constrained\">\n<h4 class=\"wp-block-heading\"><em>Quelle est l'importance de la nature dans votre vie ?<\/em><\/h4>\n<\/div><\/div>\n\n\n\n<div class=\"wp-block-group\"><div class=\"wp-block-group__inner-container is-layout-constrained wp-block-group-is-layout-constrained\">\n<p>Je ne peux pas ne pas avoir la nature dans ma vie. Je serais malheureuse. C'est tout.<\/p>\n<\/div><\/div>\n<\/div><\/div>\n\n\n\n<div style=\"height:17px\" aria-hidden=\"true\" class=\"wp-block-spacer\"><\/div>\n\n\n\n<div class=\"wp-block-group\"><div class=\"wp-block-group__inner-container is-layout-constrained wp-block-group-is-layout-constrained\">\n<figure class=\"wp-block-image size-large\"><img loading=\"lazy\" decoding=\"async\" width=\"1024\" height=\"462\" src=\"https:\/\/livunltd.com\/wp-content\/uploads\/2024\/05\/Screenshot-2024-05-16-at-2.22.41-PM-1024x462.png\" alt=\"\" class=\"wp-image-16679\" srcset=\"https:\/\/livunltd.com\/wp-content\/uploads\/2024\/05\/Screenshot-2024-05-16-at-2.22.41-PM-1024x462.png 1024w, https:\/\/livunltd.com\/wp-content\/uploads\/2024\/05\/Screenshot-2024-05-16-at-2.22.41-PM-300x135.png 300w, https:\/\/livunltd.com\/wp-content\/uploads\/2024\/05\/Screenshot-2024-05-16-at-2.22.41-PM-768x347.png 768w, https:\/\/livunltd.com\/wp-content\/uploads\/2024\/05\/Screenshot-2024-05-16-at-2.22.41-PM-1536x693.png 1536w, https:\/\/livunltd.com\/wp-content\/uploads\/2024\/05\/Screenshot-2024-05-16-at-2.22.41-PM-2048x924.png 2048w\" sizes=\"auto, (max-width: 1024px) 100vw, 1024px\" \/><\/figure>\n<\/div><\/div>\n\n\n\n<div style=\"height:17px\" aria-hidden=\"true\" class=\"wp-block-spacer\"><\/div>\n\n\n\n<h2 class=\"wp-block-heading\">Lisa<strong> <\/strong>Keefauver <\/h2>\n\n\n\n<h6 class=\"wp-block-heading\">Sp\u00e9cialiste de l'aide \u00e0 la vente, Rockville, MD<\/h6>\n\n\n\n<div class=\"wp-block-group\"><div class=\"wp-block-group__inner-container is-layout-constrained wp-block-group-is-layout-constrained\">\n<div class=\"wp-block-group\"><div class=\"wp-block-group__inner-container is-layout-constrained wp-block-group-is-layout-constrained\">\n<h4 class=\"wp-block-heading\"><em>Quelle est votre activit\u00e9 pr\u00e9f\u00e9r\u00e9e dans la nature et pourquoi ?<\/em><\/h4>\n<\/div><\/div>\n\n\n\n<div class=\"wp-block-group\"><div class=\"wp-block-group__inner-container is-layout-constrained wp-block-group-is-layout-constrained\">\n<p>Une plage tranquille est mon sanctuaire. Il n'y a pas de meilleur endroit pour me sentir enracin\u00e9e dans la terre et en paix, tout en ressentant un sentiment de libert\u00e9 totale lorsque je saute dans les vagues et que les soucis de la journ\u00e9e s'envolent.<\/p>\n<\/div><\/div>\n\n\n\n<div style=\"height:11px\" aria-hidden=\"true\" class=\"wp-block-spacer\"><\/div>\n<\/div><\/div>\n\n\n\n<div class=\"wp-block-group\"><div class=\"wp-block-group__inner-container is-layout-constrained wp-block-group-is-layout-constrained\">\n<div class=\"wp-block-group\"><div class=\"wp-block-group__inner-container is-layout-constrained wp-block-group-is-layout-constrained\">\n<h4 class=\"wp-block-heading\"><em>Comment le fait d'\u00eatre dans la nature affecte-t-il votre sentiment g\u00e9n\u00e9ral de bien-\u00eatre ?<\/em><\/h4>\n<\/div><\/div>\n\n\n\n<div class=\"wp-block-group\"><div class=\"wp-block-group__inner-container is-layout-constrained wp-block-group-is-layout-constrained\">\n<p>Les vagues sont une source constante d'\u00e9nergie et de positivit\u00e9 qui me reviennent sans cesse avec les mar\u00e9es. J'aime \u00e0 penser que les vagues emportent le stress vers le large et me ram\u00e8nent tout ce qui est bon.<\/p>\n<\/div><\/div>\n\n\n\n<div style=\"height:11px\" aria-hidden=\"true\" class=\"wp-block-spacer\"><\/div>\n<\/div><\/div>\n\n\n\n<div class=\"wp-block-group\"><div class=\"wp-block-group__inner-container is-layout-constrained wp-block-group-is-layout-constrained\">\n<div class=\"wp-block-group\"><div class=\"wp-block-group__inner-container is-layout-constrained wp-block-group-is-layout-constrained\">\n<h4 class=\"wp-block-heading\"><em>Quelle est l'importance de la nature dans votre vie ?<\/em><\/h4>\n<\/div><\/div>\n\n\n\n<div class=\"wp-block-group\"><div class=\"wp-block-group__inner-container is-layout-constrained wp-block-group-is-layout-constrained\">\n<p>&nbsp;J'adore \u00eatre dans la nature, et honn\u00eatement, c'est totalement essentiel \u00e0 mon bien-\u00eatre !  Je suis pr\u00eate \u00e0 tout, qu'il s'agisse de randonner dans une for\u00eat, de m\u00e9diter sur la plage, de faire du paddle board ou tout simplement de sauter dans l'oc\u00e9an.<\/p>\n\n\n\n<p><\/p>\n<\/div><\/div>\n<\/div><\/div>\n\n\n\n<div style=\"height:17px\" aria-hidden=\"true\" class=\"wp-block-spacer\"><\/div>\n\n\n\n<figure class=\"wp-block-image size-large\"><img loading=\"lazy\" decoding=\"async\" width=\"1024\" height=\"642\" src=\"https:\/\/livunltd.com\/wp-content\/uploads\/2024\/05\/Screenshot-2024-05-23-at-11.29.19-AM-1024x642.png\" alt=\"\" class=\"wp-image-16695\" srcset=\"https:\/\/livunltd.com\/wp-content\/uploads\/2024\/05\/Screenshot-2024-05-23-at-11.29.19-AM-1024x642.png 1024w, https:\/\/livunltd.com\/wp-content\/uploads\/2024\/05\/Screenshot-2024-05-23-at-11.29.19-AM-300x188.png 300w, https:\/\/livunltd.com\/wp-content\/uploads\/2024\/05\/Screenshot-2024-05-23-at-11.29.19-AM-768x482.png 768w, https:\/\/livunltd.com\/wp-content\/uploads\/2024\/05\/Screenshot-2024-05-23-at-11.29.19-AM.png 1492w\" sizes=\"auto, (max-width: 1024px) 100vw, 1024px\" \/><\/figure>\n\n\n\n<div style=\"height:17px\" aria-hidden=\"true\" class=\"wp-block-spacer\"><\/div>\n\n\n\n<h2 class=\"wp-block-heading\">Danielle<strong> <\/strong>Martinez <\/h2>\n\n\n\n<h6 class=\"wp-block-heading\">Instructeur et formateur de yoga, Miami, FL<\/h6>\n\n\n\n<div class=\"wp-block-group\"><div class=\"wp-block-group__inner-container is-layout-constrained wp-block-group-is-layout-constrained\">\n<div class=\"wp-block-group\"><div class=\"wp-block-group__inner-container is-layout-constrained wp-block-group-is-layout-constrained\">\n<h4 class=\"wp-block-heading\"><em>Quelle est votre activit\u00e9 pr\u00e9f\u00e9r\u00e9e dans la nature et pourquoi ?<\/em><\/h4>\n<\/div><\/div>\n\n\n\n<div class=\"wp-block-group\"><div class=\"wp-block-group__inner-container is-layout-constrained wp-block-group-is-layout-constrained\">\n<p>Mon activit\u00e9 pr\u00e9f\u00e9r\u00e9e \u00e0 l'ext\u00e9rieur est le yoga et l'\u00e9quilibre sur les mains.  Pouvoir bouger et couler avec le soleil et connecter mon c\u0153ur et mon corps avec la nature, c'est le r\u00eave.&nbsp;&nbsp;<\/p>\n<\/div><\/div>\n\n\n\n<div style=\"height:11px\" aria-hidden=\"true\" class=\"wp-block-spacer\"><\/div>\n<\/div><\/div>\n\n\n\n<div class=\"wp-block-group\"><div class=\"wp-block-group__inner-container is-layout-constrained wp-block-group-is-layout-constrained\">\n<div class=\"wp-block-group\"><div class=\"wp-block-group__inner-container is-layout-constrained wp-block-group-is-layout-constrained\">\n<h4 class=\"wp-block-heading\"><em>Comment le fait d'\u00eatre dans la nature affecte-t-il votre sentiment g\u00e9n\u00e9ral de bien-\u00eatre ?<\/em><\/h4>\n<\/div><\/div>\n\n\n\n<div class=\"wp-block-group\"><div class=\"wp-block-group__inner-container is-layout-constrained wp-block-group-is-layout-constrained\">\n<p>Je ressens de la paix, du bonheur et de l'inspiration chaque fois que je suis dans la nature.&nbsp;<\/p>\n<\/div><\/div>\n\n\n\n<div style=\"height:11px\" aria-hidden=\"true\" class=\"wp-block-spacer\"><\/div>\n<\/div><\/div>\n\n\n\n<div class=\"wp-block-group\"><div class=\"wp-block-group__inner-container is-layout-constrained wp-block-group-is-layout-constrained\">\n<div class=\"wp-block-group\"><div class=\"wp-block-group__inner-container is-layout-constrained wp-block-group-is-layout-constrained\">\n<h4 class=\"wp-block-heading\"><em>Quelle est l'importance de la nature dans votre vie ?<\/em><\/h4>\n<\/div><\/div>\n\n\n\n<div class=\"wp-block-group\"><div class=\"wp-block-group__inner-container is-layout-constrained wp-block-group-is-layout-constrained\">\n<p>C'est honn\u00eatement l'une des parties les plus importantes de ma vie.  Regarder le soleil se lever et se coucher chaque jour a transform\u00e9 ma vie et m'a apport\u00e9 un bonheur que je ne soup\u00e7onnais pas.&nbsp;&nbsp;<\/p>\n<\/div><\/div>\n<\/div><\/div>\n\n\n\n<div style=\"height:17px\" aria-hidden=\"true\" class=\"wp-block-spacer\"><\/div>","protected":false},"excerpt":{"rendered":"<p>Le 8 juin, des millions de personnes \u00e0 travers la plan\u00e8te se r\u00e9uniront, comme elles le font depuis 2012, pour s&#039;engager activement dans une pratique de bien-\u00eatre qui inspire la conviction qu&#039;un jour peut changer toute votre vie. Le th\u00e8me de cette ann\u00e9e est Magenta Nature, et\u2026<\/p>","protected":false},"author":16,"featured_media":16685,"comment_status":"open","ping_status":"closed","sticky":false,"template":"","format":"standard","meta":{"_acf_changed":false,"footnotes":""},"categories":[9,51],"tags":[],"class_list":["post-16673","post","type-post","status-publish","format-standard","has-post-thumbnail","hentry","category-chats","category-wellness"],"acf":[],"yoast_head":"<!-- This site is optimized with the Yoast SEO plugin v27.5 - https:\/\/yoast.com\/product\/yoast-seo-wordpress\/ -->\n<title>Our Team&#039;s Take on Global Wellness Day - LIVunLtd<\/title>\n<meta name=\"robots\" content=\"index, follow, max-snippet:-1, max-image-preview:large, max-video-preview:-1\" \/>\n<link rel=\"canonical\" href=\"https:\/\/livunltd.com\/fr\/our-teams-take-on-global-wellness-day\/\" \/>\n<meta property=\"og:locale\" content=\"fr_CA\" \/>\n<meta property=\"og:type\" content=\"article\" \/>\n<meta property=\"og:title\" content=\"Our Team&#039;s Take on Global Wellness Day - LIVunLtd\" \/>\n<meta property=\"og:description\" content=\"On June 8th, millions of people around the planet will come together, as they have since 2012, to actively engage in a wellness practice that inspires the belief that\u00a0one day can change\u00a0your whole life.\u00a0This year&#8217;s theme is Magenta Nature, and...\" \/>\n<meta property=\"og:url\" content=\"https:\/\/livunltd.com\/fr\/our-teams-take-on-global-wellness-day\/\" \/>\n<meta property=\"og:site_name\" content=\"LIVunLtd\" \/>\n<meta property=\"article:published_time\" content=\"2024-05-22T14:37:00+00:00\" \/>\n<meta property=\"article:modified_time\" content=\"2024-09-05T15:57:38+00:00\" \/>\n<meta property=\"og:image\" content=\"https:\/\/livunltd.com\/wp-content\/uploads\/2024\/05\/DTS_AA_by_Daniel_Faro_51-1-e1715894092248.jpg\" \/>\n\t<meta property=\"og:image:width\" content=\"1280\" \/>\n\t<meta property=\"og:image:height\" content=\"405\" \/>\n\t<meta property=\"og:image:type\" content=\"image\/jpeg\" \/>\n<meta name=\"author\" content=\"Brendan Stengel\" \/>\n<meta name=\"twitter:card\" content=\"summary_large_image\" \/>\n<meta name=\"twitter:label1\" content=\"\u00c9crit par\" \/>\n\t<meta name=\"twitter:data1\" content=\"Brendan Stengel\" \/>\n\t<meta name=\"twitter:label2\" content=\"Estimation du temps de lecture\" \/>\n\t<meta name=\"twitter:data2\" content=\"8 minutes\" \/>\n<script type=\"application\/ld+json\" class=\"yoast-schema-graph\">{\"@context\":\"https:\\\/\\\/schema.org\",\"@graph\":[{\"@type\":\"Article\",\"@id\":\"https:\\\/\\\/livunltd.com\\\/our-teams-take-on-global-wellness-day\\\/#article\",\"isPartOf\":{\"@id\":\"https:\\\/\\\/livunltd.com\\\/our-teams-take-on-global-wellness-day\\\/\"},\"author\":{\"name\":\"Brendan Stengel\",\"@id\":\"https:\\\/\\\/livunltd.com\\\/#\\\/schema\\\/person\\\/3dbbe44c9e835f8966725b887e976183\"},\"headline\":\"Our Team&#8217;s Take on Global Wellness Day\",\"datePublished\":\"2024-05-22T14:37:00+00:00\",\"dateModified\":\"2024-09-05T15:57:38+00:00\",\"mainEntityOfPage\":{\"@id\":\"https:\\\/\\\/livunltd.com\\\/our-teams-take-on-global-wellness-day\\\/\"},\"wordCount\":1365,\"commentCount\":0,\"image\":{\"@id\":\"https:\\\/\\\/livunltd.com\\\/our-teams-take-on-global-wellness-day\\\/#primaryimage\"},\"thumbnailUrl\":\"https:\\\/\\\/livunltd.com\\\/wp-content\\\/uploads\\\/2024\\\/05\\\/DTS_AA_by_Daniel_Faro_51-1-e1715894092248.jpg\",\"articleSection\":[\"CHATS\",\"WELLNESS\"],\"inLanguage\":\"fr-CA\",\"potentialAction\":[{\"@type\":\"CommentAction\",\"name\":\"Comment\",\"target\":[\"https:\\\/\\\/livunltd.com\\\/our-teams-take-on-global-wellness-day\\\/#respond\"]}]},{\"@type\":\"WebPage\",\"@id\":\"https:\\\/\\\/livunltd.com\\\/our-teams-take-on-global-wellness-day\\\/\",\"url\":\"https:\\\/\\\/livunltd.com\\\/our-teams-take-on-global-wellness-day\\\/\",\"name\":\"Our Team's Take on Global Wellness Day - LIVunLtd\",\"isPartOf\":{\"@id\":\"https:\\\/\\\/livunltd.com\\\/#website\"},\"primaryImageOfPage\":{\"@id\":\"https:\\\/\\\/livunltd.com\\\/our-teams-take-on-global-wellness-day\\\/#primaryimage\"},\"image\":{\"@id\":\"https:\\\/\\\/livunltd.com\\\/our-teams-take-on-global-wellness-day\\\/#primaryimage\"},\"thumbnailUrl\":\"https:\\\/\\\/livunltd.com\\\/wp-content\\\/uploads\\\/2024\\\/05\\\/DTS_AA_by_Daniel_Faro_51-1-e1715894092248.jpg\",\"datePublished\":\"2024-05-22T14:37:00+00:00\",\"dateModified\":\"2024-09-05T15:57:38+00:00\",\"author\":{\"@id\":\"https:\\\/\\\/livunltd.com\\\/#\\\/schema\\\/person\\\/3dbbe44c9e835f8966725b887e976183\"},\"breadcrumb\":{\"@id\":\"https:\\\/\\\/livunltd.com\\\/our-teams-take-on-global-wellness-day\\\/#breadcrumb\"},\"inLanguage\":\"fr-CA\",\"potentialAction\":[{\"@type\":\"ReadAction\",\"target\":[\"https:\\\/\\\/livunltd.com\\\/our-teams-take-on-global-wellness-day\\\/\"]}]},{\"@type\":\"ImageObject\",\"inLanguage\":\"fr-CA\",\"@id\":\"https:\\\/\\\/livunltd.com\\\/our-teams-take-on-global-wellness-day\\\/#primaryimage\",\"url\":\"https:\\\/\\\/livunltd.com\\\/wp-content\\\/uploads\\\/2024\\\/05\\\/DTS_AA_by_Daniel_Faro_51-1-e1715894092248.jpg\",\"contentUrl\":\"https:\\\/\\\/livunltd.com\\\/wp-content\\\/uploads\\\/2024\\\/05\\\/DTS_AA_by_Daniel_Faro_51-1-e1715894092248.jpg\",\"width\":1280,\"height\":405},{\"@type\":\"BreadcrumbList\",\"@id\":\"https:\\\/\\\/livunltd.com\\\/our-teams-take-on-global-wellness-day\\\/#breadcrumb\",\"itemListElement\":[{\"@type\":\"ListItem\",\"position\":1,\"name\":\"Home\",\"item\":\"https:\\\/\\\/livunltd.com\\\/\"},{\"@type\":\"ListItem\",\"position\":2,\"name\":\"Our Team&#8217;s Take on Global Wellness Day\"}]},{\"@type\":\"WebSite\",\"@id\":\"https:\\\/\\\/livunltd.com\\\/#website\",\"url\":\"https:\\\/\\\/livunltd.com\\\/\",\"name\":\"LIVunLtd\",\"description\":\"Concierge, Fitness &amp; Wellness Services\",\"potentialAction\":[{\"@type\":\"SearchAction\",\"target\":{\"@type\":\"EntryPoint\",\"urlTemplate\":\"https:\\\/\\\/livunltd.com\\\/?s={search_term_string}\"},\"query-input\":{\"@type\":\"PropertyValueSpecification\",\"valueRequired\":true,\"valueName\":\"search_term_string\"}}],\"inLanguage\":\"fr-CA\"},{\"@type\":\"Person\",\"@id\":\"https:\\\/\\\/livunltd.com\\\/#\\\/schema\\\/person\\\/3dbbe44c9e835f8966725b887e976183\",\"name\":\"Brendan Stengel\",\"image\":{\"@type\":\"ImageObject\",\"inLanguage\":\"fr-CA\",\"@id\":\"https:\\\/\\\/secure.gravatar.com\\\/avatar\\\/6f1d8e8e671677d57935612b4dc423b7663eff618c691503c25bcbbf3a3c7a3c?s=96&d=mm&r=g\",\"url\":\"https:\\\/\\\/secure.gravatar.com\\\/avatar\\\/6f1d8e8e671677d57935612b4dc423b7663eff618c691503c25bcbbf3a3c7a3c?s=96&d=mm&r=g\",\"contentUrl\":\"https:\\\/\\\/secure.gravatar.com\\\/avatar\\\/6f1d8e8e671677d57935612b4dc423b7663eff618c691503c25bcbbf3a3c7a3c?s=96&d=mm&r=g\",\"caption\":\"Brendan Stengel\"},\"url\":\"https:\\\/\\\/livunltd.com\\\/fr\\\/author\\\/bstengellivunltd-com\\\/\"}]}<\/script>\n<!-- \/ Yoast SEO plugin. -->","yoast_head_json":{"title":"L&#039;avis de notre \u00e9quipe sur la Journ\u00e9e mondiale du bien-\u00eatre - LIVunLtd","robots":{"index":"index","follow":"follow","max-snippet":"max-snippet:-1","max-image-preview":"max-image-preview:large","max-video-preview":"max-video-preview:-1"},"canonical":"https:\/\/livunltd.com\/fr\/our-teams-take-on-global-wellness-day\/","og_locale":"fr_CA","og_type":"article","og_title":"Our Team's Take on Global Wellness Day - LIVunLtd","og_description":"On June 8th, millions of people around the planet will come together, as they have since 2012, to actively engage in a wellness practice that inspires the belief that\u00a0one day can change\u00a0your whole life.\u00a0This year&#8217;s theme is Magenta Nature, and...","og_url":"https:\/\/livunltd.com\/fr\/our-teams-take-on-global-wellness-day\/","og_site_name":"LIVunLtd","article_published_time":"2024-05-22T14:37:00+00:00","article_modified_time":"2024-09-05T15:57:38+00:00","og_image":[{"width":1280,"height":405,"url":"https:\/\/livunltd.com\/wp-content\/uploads\/2024\/05\/DTS_AA_by_Daniel_Faro_51-1-e1715894092248.jpg","type":"image\/jpeg"}],"author":"Brendan Stengel","twitter_card":"summary_large_image","twitter_misc":{"\u00c9crit par":"Brendan Stengel","Estimation du temps de lecture":"8 minutes"},"schema":{"@context":"https:\/\/schema.org","@graph":[{"@type":"Article","@id":"https:\/\/livunltd.com\/our-teams-take-on-global-wellness-day\/#article","isPartOf":{"@id":"https:\/\/livunltd.com\/our-teams-take-on-global-wellness-day\/"},"author":{"name":"Brendan Stengel","@id":"https:\/\/livunltd.com\/#\/schema\/person\/3dbbe44c9e835f8966725b887e976183"},"headline":"Our Team&#8217;s Take on Global Wellness Day","datePublished":"2024-05-22T14:37:00+00:00","dateModified":"2024-09-05T15:57:38+00:00","mainEntityOfPage":{"@id":"https:\/\/livunltd.com\/our-teams-take-on-global-wellness-day\/"},"wordCount":1365,"commentCount":0,"image":{"@id":"https:\/\/livunltd.com\/our-teams-take-on-global-wellness-day\/#primaryimage"},"thumbnailUrl":"https:\/\/livunltd.com\/wp-content\/uploads\/2024\/05\/DTS_AA_by_Daniel_Faro_51-1-e1715894092248.jpg","articleSection":["CHATS","WELLNESS"],"inLanguage":"fr-CA","potentialAction":[{"@type":"CommentAction","name":"Comment","target":["https:\/\/livunltd.com\/our-teams-take-on-global-wellness-day\/#respond"]}]},{"@type":"WebPage","@id":"https:\/\/livunltd.com\/our-teams-take-on-global-wellness-day\/","url":"https:\/\/livunltd.com\/our-teams-take-on-global-wellness-day\/","name":"L&#039;avis de notre \u00e9quipe sur la Journ\u00e9e mondiale du bien-\u00eatre - LIVunLtd","isPartOf":{"@id":"https:\/\/livunltd.com\/#website"},"primaryImageOfPage":{"@id":"https:\/\/livunltd.com\/our-teams-take-on-global-wellness-day\/#primaryimage"},"image":{"@id":"https:\/\/livunltd.com\/our-teams-take-on-global-wellness-day\/#primaryimage"},"thumbnailUrl":"https:\/\/livunltd.com\/wp-content\/uploads\/2024\/05\/DTS_AA_by_Daniel_Faro_51-1-e1715894092248.jpg","datePublished":"2024-05-22T14:37:00+00:00","dateModified":"2024-09-05T15:57:38+00:00","author":{"@id":"https:\/\/livunltd.com\/#\/schema\/person\/3dbbe44c9e835f8966725b887e976183"},"breadcrumb":{"@id":"https:\/\/livunltd.com\/our-teams-take-on-global-wellness-day\/#breadcrumb"},"inLanguage":"fr-CA","potentialAction":[{"@type":"ReadAction","target":["https:\/\/livunltd.com\/our-teams-take-on-global-wellness-day\/"]}]},{"@type":"ImageObject","inLanguage":"fr-CA","@id":"https:\/\/livunltd.com\/our-teams-take-on-global-wellness-day\/#primaryimage","url":"https:\/\/livunltd.com\/wp-content\/uploads\/2024\/05\/DTS_AA_by_Daniel_Faro_51-1-e1715894092248.jpg","contentUrl":"https:\/\/livunltd.com\/wp-content\/uploads\/2024\/05\/DTS_AA_by_Daniel_Faro_51-1-e1715894092248.jpg","width":1280,"height":405},{"@type":"BreadcrumbList","@id":"https:\/\/livunltd.com\/our-teams-take-on-global-wellness-day\/#breadcrumb","itemListElement":[{"@type":"ListItem","position":1,"name":"Home","item":"https:\/\/livunltd.com\/"},{"@type":"ListItem","position":2,"name":"Our Team&#8217;s Take on Global Wellness Day"}]},{"@type":"WebSite","@id":"https:\/\/livunltd.com\/#website","url":"https:\/\/livunltd.com\/","name":"LIVunLtd","description":"Services de conciergerie, de remise en forme et de bien-\u00eatre","potentialAction":[{"@type":"SearchAction","target":{"@type":"EntryPoint","urlTemplate":"https:\/\/livunltd.com\/?s={search_term_string}"},"query-input":{"@type":"PropertyValueSpecification","valueRequired":true,"valueName":"search_term_string"}}],"inLanguage":"fr-CA"},{"@type":"Person","@id":"https:\/\/livunltd.com\/#\/schema\/person\/3dbbe44c9e835f8966725b887e976183","name":"Brendan Stengel","image":{"@type":"ImageObject","inLanguage":"fr-CA","@id":"https:\/\/secure.gravatar.com\/avatar\/6f1d8e8e671677d57935612b4dc423b7663eff618c691503c25bcbbf3a3c7a3c?s=96&d=mm&r=g","url":"https:\/\/secure.gravatar.com\/avatar\/6f1d8e8e671677d57935612b4dc423b7663eff618c691503c25bcbbf3a3c7a3c?s=96&d=mm&r=g","contentUrl":"https:\/\/secure.gravatar.com\/avatar\/6f1d8e8e671677d57935612b4dc423b7663eff618c691503c25bcbbf3a3c7a3c?s=96&d=mm&r=g","caption":"Brendan Stengel"},"url":"https:\/\/livunltd.com\/fr\/author\/bstengellivunltd-com\/"}]}},"_links":{"self":[{"href":"https:\/\/livunltd.com\/fr\/wp-json\/wp\/v2\/posts\/16673","targetHints":{"allow":["GET"]}}],"collection":[{"href":"https:\/\/livunltd.com\/fr\/wp-json\/wp\/v2\/posts"}],"about":[{"href":"https:\/\/livunltd.com\/fr\/wp-json\/wp\/v2\/types\/post"}],"author":[{"embeddable":true,"href":"https:\/\/livunltd.com\/fr\/wp-json\/wp\/v2\/users\/16"}],"replies":[{"embeddable":true,"href":"https:\/\/livunltd.com\/fr\/wp-json\/wp\/v2\/comments?post=16673"}],"version-history":[{"count":0,"href":"https:\/\/livunltd.com\/fr\/wp-json\/wp\/v2\/posts\/16673\/revisions"}],"wp:featuredmedia":[{"embeddable":true,"href":"https:\/\/livunltd.com\/fr\/wp-json\/wp\/v2\/media\/16685"}],"wp:attachment":[{"href":"https:\/\/livunltd.com\/fr\/wp-json\/wp\/v2\/media?parent=16673"}],"wp:term":[{"taxonomy":"category","embeddable":true,"href":"https:\/\/livunltd.com\/fr\/wp-json\/wp\/v2\/categories?post=16673"},{"taxonomy":"post_tag","embeddable":true,"href":"https:\/\/livunltd.com\/fr\/wp-json\/wp\/v2\/tags?post=16673"}],"curies":[{"name":"wp","href":"https:\/\/api.w.org\/{rel}","templated":true}]}}